{"id":10963,"date":"2026-03-14T10:33:24","date_gmt":"2026-03-14T13:33:24","guid":{"rendered":"https:\/\/www.jlthinktank.com\/?p=10963"},"modified":"2026-03-17T12:19:50","modified_gmt":"2026-03-17T15:19:50","slug":"lo-que-el-partido-comunista-se-llevo-de-la-subsecretaria-de-las-ffaa","status":"publish","type":"post","link":"https:\/\/www.jlthinktank.com\/pt\/lo-que-el-partido-comunista-se-llevo-de-la-subsecretaria-de-las-ffaa\/","title":{"rendered":"Lo que el Partido Comunista se llev\u00f3 de la Subsecretar\u00eda de las FFAA"},"content":{"rendered":"<div data-elementor-type=\"wp-post\" data-elementor-id=\"10963\" class=\"elementor elementor-10963\">\n\t\t\t\t\t\t<section class=\"elementor-section elementor-top-section elementor-element elementor-element-194afd73 elementor-section-boxed elementor-section-height-default elementor-section-height-default\" data-id=\"194afd73\" data-element_type=\"section\" data-e-type=\"section\">\n\t\t\t\t\t\t<div class=\"elementor-container elementor-column-gap-default\">\n\t\t\t\t\t<div class=\"elementor-column elementor-col-100 elementor-top-column elementor-element elementor-element-2c3defb7\" data-id=\"2c3defb7\" data-element_type=\"column\" data-e-type=\"column\">\n\t\t\t<div class=\"elementor-widget-wrap elementor-element-populated\">\n\t\t\t\t\t\t<div class=\"elementor-element elementor-element-4e79a84e elementor-drop-cap-yes elementor-drop-cap-view-default elementor-widget elementor-widget-text-editor\" data-id=\"4e79a84e\" data-element_type=\"widget\" data-e-type=\"widget\" data-settings=\"{&quot;drop_cap&quot;:&quot;yes&quot;}\" data-widget_type=\"text-editor.default\">\n\t\t\t\t<div class=\"elementor-widget-container\">\n\t\t\t\t\t\t\t\t\t<p><span style=\"font-weight: 400;\">Esta columna tiene m\u00e1s preguntas que respuestas, m\u00e1s dudas que certezas, en momentos en que pareciera que habr\u00e1n m\u00e1s acciones concretas como auditor\u00edas a la gesti\u00f3n anterior del gobierno socio comunista de Gabriel Boric que afortunadamente concluyeron. \u00bfPodemos cantar victoria? ni de cerca, y solo tomaremos una muestra de la autopsia que merece el Estado, sobre un asunto crucial no solo para el gobierno de Kast sino para la seguridad nacional de los pr\u00f3ximos a\u00f1os. Galo Eidelstein Silber, militante del Partido Comunista de Chile (PC) y primer comunista en ocupar la Subsecretar\u00eda para las Fuerzas Armadas desde 2022 hasta el final del periodo, represent\u00f3 el cierre de cuatro a\u00f1os en los que una ideolog\u00eda hist\u00f3ricamente subordinada a potencias extranjeras tuvo acceso directo a secretos de defensa nacional: planes estrat\u00e9gicos, capacidades operativas, presupuestos, proveedores, ciberdefensa y datos de personal militar. Lo m\u00e1s probable es que se hayan llevado copias digitales, respaldos o incluso documentos f\u00edsicos. En transiciones de este tipo, la exfiltraci\u00f3n de informaci\u00f3n clasificada no es paranoia, es una rutina hist\u00f3rica, mas bien parte de la funci\u00f3n pol\u00edtica que se cumple de los partidos comunistas.<\/span><\/p><p><span style=\"font-weight: 400;\">Los hechos recientes alimentan la alarma. En febrero de 2026, Eidelstein \u201camarr\u00f3\u201d a militantes y ex asesoras en cargos de planta con sueldos millonarios (sobre $4 millones mensuales). Jessica Tapia, su ex asesora y exdirectora de la ARCIS, fue designada jefa del Departamento de Estudios y An\u00e1lisis, un puesto clave para manejar datos sensibles. La UDI y la oposici\u00f3n denunciaron estos amarres como un intento de mantener influencia incluso fuera del gobierno. Pero hay algo m\u00e1s grave, en septiembre de 2025, Eidelstein viaj\u00f3 a China y se reuni\u00f3 con la Comisi\u00f3n Militar Central y empresas como NORINCO, la corporaci\u00f3n estatal china de defensa, fundada en 1980, que fabrica una amplia gama de productos militares y civiles. Coincidi\u00f3 con la pol\u00e9mica tramitaci\u00f3n del cable submarino Valpara\u00edso-Hong Kong, proyecto que Estados Unidos sancion\u00f3 por riesgos de espionaje. \u00bfCasualidad? Dif\u00edcil creerlo cuando el PC chileno mantiene lazos fraternales con el Partido Comunista Chino (PCCh).<\/span><\/p><p><span style=\"font-weight: 400;\">La historia del PC no deja margen a la ingenuidad, en Chile, el partido apoy\u00f3 la lucha armada del FPMR despu\u00e9s de 1973 y recibi\u00f3 armas desde Cuba (caso Carrizal Bajo). A nivel global, los partidos comunistas han actuado como extensiones de potencias rivales: esp\u00edas sovi\u00e9ticos en Occidente (conocidos medi\u00e1ticamente los casos Rosenberg, Cambridge Five), infiltraci\u00f3n en Cuba y Venezuela (donde Maduro us\u00f3 inteligencia cubana para reprimir opositores), sabotaje interno en Europa del Este y, hoy, el Frente Unido del Partido Comunista de China, que opera redes de influencia, robo de tecnolog\u00eda y chantaje en todo el mundo. China no solo roba IP militar; instala observatorios \u201ccient\u00edficos\u201d en Latinoam\u00e9rica que EE.UU. acusa de espionaje dual y usa cables submarinos para interceptar comunicaciones. \u00bfQu\u00e9 impide que datos de las FF.AA. chilenas terminen en Beijing?<\/span><\/p><p><span style=\"font-weight: 400;\">Como usted puede ver, las precauciones son urgentes y no admiten demora. El nuevo subsecretario, Christian Bol\u00edvar, y el ministro Fernando Barros deben ordenar de inmediato, y estas deben incluir auditor\u00edas forenses digitales completas de todos los servidores, correos y dispositivos de la Subsecretar\u00eda (Ley 21.459 de delitos inform\u00e1ticos obliga), cambio total de credenciales, claves y accesos a sistemas clasificados, revisi\u00f3n exhaustiva de copias de seguridad y logs de descargas de los \u00faltimos seis meses, evaluaci\u00f3n de riesgo de cada funcionario \u201camarrado\u201d por posibles lealtades divididas, coordinaci\u00f3n con la Agencia Nacional de Inteligencia (ANI) y aliados como EE.UU. para monitoreo internacional.<\/span><\/p><p><span style=\"font-weight: 400;\">Las sanciones posibles para exfuncionarios son severas si nos remitimos al C\u00f3digo Penal (art\u00edculos 224 y siguientes), que castiga la revelaci\u00f3n de secretos de Estado con presidio menor en sus grados y multa. Si se prueba sustracci\u00f3n o entrega a potencia extranjera, aplica la Ley de Inteligencia del Estado y delitos contra la seguridad exterior (hasta 15 a\u00f1os de c\u00e1rcel e inhabilitaci\u00f3n perpetua). La Fiscal\u00eda puede investigar por abuso de cargo y filtraci\u00f3n si se cuenta con la voluntad pol\u00edtica para revisar todo y sentenciar. No debe haber impunidad, el nuevo gobierno tiene herramientas legales para procesar sin miramientos ni demoras.<\/span><\/p><p><span style=\"font-weight: 400;\">Pero si esta informaci\u00f3n ya esta en peligro de ser mal utilizada, \u00bfC\u00f3mo evitar sabotaje al Estado? el monitoreo constante de exfuncionarios, sin violar derechos, pero con inteligencia activa y con los mecanismos que faculta la ley para este tipo de funcionarios son los pivotes ante una situacion de esta naturaleza, auditor\u00edas anuales independientes, fortalecimiento de la Ley de Ciberseguridad y rechazo a cualquier v\u00ednculo con empresas chinas en \u00e1reas estrat\u00e9gicas, y a nivel internacional, alinearse con democracias que enfrentan la misma amenaza, como es el caso de la AUKUS (entre Australia, el Reino Unido y Estados Unidos), o el QUAD, que agrupa a Estados Unidos, Jap\u00f3n, India y Australia<\/span><\/p><p><span style=\"font-weight: 400;\">\u00bfQu\u00e9 podemos hacer los ciudadanos? tenemos variadas herramientas, todas ellas usadas bien y de manera coordinada pueden mitigar las vulnerabilidades, tales como exigir transparencia total v\u00eda Ley 20.285, pedir informes de traspaso, auditor\u00edas y viajes oficiales, denunciar cualquier irregularidad ante Contralor\u00eda o Fiscal\u00eda, apoyar en redes sociales y en las urnas a nuestros parlamentarios que impulsen leyes anti-espionaje m\u00e1s duras; la cuesti\u00f3n es no callar, ejerciendo una vigilancia ciudadana estamos levantando el primer escudo.<\/span><\/p><p><span style=\"font-weight: 400;\">Lo esperable, viendo la trayectoria del PC y su cada vez m\u00e1s apoyo de parte de China y profesionalismo, es que la lealtad ideol\u00f3gica est\u00e9 por sobre la patria. En Cuba, Venezuela o la URSS siempre priorizaron el \u201cinternacionalismo proletario\u201d (l\u00e9ase obediencia a Mosc\u00fa o Beijing). Chile no puede permitirse ser m\u00e1s un eslab\u00f3n d\u00e9bil. Como podemos ver, el 11 de marzo no es solo un cambio de mando, es una advertencia a estar m\u00e1s atentos que nunca. Si no actuamos todos desde nuestras posibilidades y habilidades con firmeza, los secretos que se llevaron hoy pueden convertirse ma\u00f1ana en chantaje o sabotaje. La seguridad nacional no es negociable.<\/span><\/p><p><br \/><br \/><\/p>\t\t\t\t\t\t\t\t<\/div>\n\t\t\t\t<\/div>\n\t\t\t\t\t<\/div>\n\t\t<\/div>\n\t\t\t\t\t<\/div>\n\t\t<\/section>\n\t\t\t\t<\/div>","protected":false},"excerpt":{"rendered":"<p>Esta columna tiene m\u00e1s preguntas que respuestas, m\u00e1s dudas que certezas, en momentos en que pareciera que habr\u00e1n m\u00e1s acciones concretas como auditor\u00edas a la gesti\u00f3n anterior del gobierno socio comunista de Gabriel Boric que afortunadamente concluyeron. \u00bfPodemos cantar victoria? ni de cerca, y solo tomaremos una muestra de la autopsia que merece el Estado, [&hellip;]<\/p>\n","protected":false},"author":1,"featured_media":10965,"comment_status":"closed","ping_status":"closed","sticky":false,"template":"","format":"standard","meta":{"footnotes":""},"categories":[159,157,142,158,125,207,143,223,146,203,169,252],"tags":[188,128,205,253,249,247,234],"class_list":["post-10963","post","type-post","status-publish","format-standard","has-post-thumbnail","hentry","category-comunismo","category-cultura","category-defensa-nacional","category-educacion","category-geopolitica","category-ia-transformacion-tecnologica","category-militar","category-politica","category-prospectiva","category-proteccion-de-datos","category-seguridad-interior","category-seguridad-y-defensa-nacional","tag-chile","tag-geopolitica","tag-ia","tag-inteligencia","tag-seguridad","tag-soberania","tag-tecnologia"],"yoast_head":"<!-- This site is optimized with the Yoast SEO plugin v27.4 - https:\/\/yoast.com\/product\/yoast-seo-wordpress\/ -->\n<title>Lo que el Partido Comunista se llev\u00f3 de la Subsecretar\u00eda de las FFAA<\/title>\n<meta name=\"description\" content=\"Esta columna tiene m\u00e1s preguntas que respuestas, m\u00e1s dudas que certezas, en momentos en que pareciera que habr\u00e1 m\u00e1s acciones concretas como auditor\u00edas a la gesti\u00f3n anterior del gobierno socio comunista de Gabriel Boric que afortunadamente concluyeron. \u00bfPodemos cantar victoria? Ni de cerca...\" \/>\n<meta name=\"robots\" content=\"index, follow, max-snippet:-1, max-image-preview:large, max-video-preview:-1\" \/>\n<link rel=\"canonical\" href=\"https:\/\/www.jlthinktank.com\/pt\/lo-que-el-partido-comunista-se-llevo-de-la-subsecretaria-de-las-ffaa\/\" \/>\n<meta property=\"og:locale\" content=\"pt_BR\" \/>\n<meta property=\"og:type\" content=\"article\" \/>\n<meta property=\"og:title\" content=\"Lo que el Partido Comunista se llev\u00f3 de la Subsecretar\u00eda de las FFAA\" \/>\n<meta property=\"og:description\" content=\"Esta columna tiene m\u00e1s preguntas que respuestas, m\u00e1s dudas que certezas, en momentos en que pareciera que habr\u00e1 m\u00e1s acciones concretas como auditor\u00edas a la gesti\u00f3n anterior del gobierno socio comunista de Gabriel Boric que afortunadamente concluyeron. \u00bfPodemos cantar victoria? Ni de cerca...\" \/>\n<meta property=\"og:url\" content=\"https:\/\/www.jlthinktank.com\/pt\/lo-que-el-partido-comunista-se-llevo-de-la-subsecretaria-de-las-ffaa\/\" \/>\n<meta property=\"og:site_name\" content=\"JL Think Tank\" \/>\n<meta property=\"article:published_time\" content=\"2026-03-14T13:33:24+00:00\" \/>\n<meta property=\"article:modified_time\" content=\"2026-03-17T15:19:50+00:00\" \/>\n<meta property=\"og:image\" content=\"https:\/\/www.jlthinktank.com\/wp-content\/uploads\/2026\/03\/galo.jpg\" \/>\n\t<meta property=\"og:image:width\" content=\"710\" \/>\n\t<meta property=\"og:image:height\" content=\"399\" \/>\n\t<meta property=\"og:image:type\" content=\"image\/jpeg\" \/>\n<meta name=\"author\" content=\"Jorge Lazo\" \/>\n<meta name=\"twitter:card\" content=\"summary_large_image\" \/>\n<meta name=\"twitter:label1\" content=\"Escrito por\" \/>\n\t<meta name=\"twitter:data1\" content=\"Jorge Lazo\" \/>\n\t<meta name=\"twitter:label2\" content=\"Est. tempo de leitura\" \/>\n\t<meta name=\"twitter:data2\" content=\"5 minutos\" \/>\n<script type=\"application\/ld+json\" class=\"yoast-schema-graph\">{\"@context\":\"https:\\\/\\\/schema.org\",\"@graph\":[{\"@type\":\"Article\",\"@id\":\"https:\\\/\\\/www.jlthinktank.com\\\/lo-que-el-partido-comunista-se-llevo-de-la-subsecretaria-de-las-ffaa\\\/#article\",\"isPartOf\":{\"@id\":\"https:\\\/\\\/www.jlthinktank.com\\\/lo-que-el-partido-comunista-se-llevo-de-la-subsecretaria-de-las-ffaa\\\/\"},\"author\":{\"name\":\"Jorge Lazo\",\"@id\":\"https:\\\/\\\/www.jlthinktank.com\\\/#\\\/schema\\\/person\\\/15c2355c977c9ee03ef11d1cbe12678c\"},\"headline\":\"Lo que el Partido Comunista se llev\u00f3 de la Subsecretar\u00eda de las FFAA\",\"datePublished\":\"2026-03-14T13:33:24+00:00\",\"dateModified\":\"2026-03-17T15:19:50+00:00\",\"mainEntityOfPage\":{\"@id\":\"https:\\\/\\\/www.jlthinktank.com\\\/lo-que-el-partido-comunista-se-llevo-de-la-subsecretaria-de-las-ffaa\\\/\"},\"wordCount\":1043,\"image\":{\"@id\":\"https:\\\/\\\/www.jlthinktank.com\\\/lo-que-el-partido-comunista-se-llevo-de-la-subsecretaria-de-las-ffaa\\\/#primaryimage\"},\"thumbnailUrl\":\"https:\\\/\\\/www.jlthinktank.com\\\/wp-content\\\/uploads\\\/2026\\\/03\\\/galo.jpg\",\"keywords\":[\"Chile\",\"Geopol\u00edtica\",\"IA\",\"inteligencia\",\"Seguridad\",\"Soberania\",\"Tecnolog\u00eda\"],\"articleSection\":[\"Comunismo\",\"Cultura\",\"Defensa Nacional\",\"Educaci\u00f3n\",\"Geopol\u00edtica\",\"IA &amp; Transformaci\u00f3n Tecnol\u00f3gica\",\"Militar\",\"Pol\u00edtica\",\"Prospectiva\",\"Protecci\u00f3n de Datos\",\"Seguridad interior\",\"Seguridad y Defensa Nacional\"],\"inLanguage\":\"pt-BR\"},{\"@type\":\"WebPage\",\"@id\":\"https:\\\/\\\/www.jlthinktank.com\\\/lo-que-el-partido-comunista-se-llevo-de-la-subsecretaria-de-las-ffaa\\\/\",\"url\":\"https:\\\/\\\/www.jlthinktank.com\\\/lo-que-el-partido-comunista-se-llevo-de-la-subsecretaria-de-las-ffaa\\\/\",\"name\":\"Lo que el Partido Comunista se llev\u00f3 de la Subsecretar\u00eda de las FFAA\",\"isPartOf\":{\"@id\":\"https:\\\/\\\/www.jlthinktank.com\\\/#website\"},\"primaryImageOfPage\":{\"@id\":\"https:\\\/\\\/www.jlthinktank.com\\\/lo-que-el-partido-comunista-se-llevo-de-la-subsecretaria-de-las-ffaa\\\/#primaryimage\"},\"image\":{\"@id\":\"https:\\\/\\\/www.jlthinktank.com\\\/lo-que-el-partido-comunista-se-llevo-de-la-subsecretaria-de-las-ffaa\\\/#primaryimage\"},\"thumbnailUrl\":\"https:\\\/\\\/www.jlthinktank.com\\\/wp-content\\\/uploads\\\/2026\\\/03\\\/galo.jpg\",\"datePublished\":\"2026-03-14T13:33:24+00:00\",\"dateModified\":\"2026-03-17T15:19:50+00:00\",\"author\":{\"@id\":\"https:\\\/\\\/www.jlthinktank.com\\\/#\\\/schema\\\/person\\\/15c2355c977c9ee03ef11d1cbe12678c\"},\"description\":\"Esta columna tiene m\u00e1s preguntas que respuestas, m\u00e1s dudas que certezas, en momentos en que pareciera que habr\u00e1 m\u00e1s acciones concretas como auditor\u00edas a la gesti\u00f3n anterior del gobierno socio comunista de Gabriel Boric que afortunadamente concluyeron. \u00bfPodemos cantar victoria? Ni de cerca...\",\"breadcrumb\":{\"@id\":\"https:\\\/\\\/www.jlthinktank.com\\\/lo-que-el-partido-comunista-se-llevo-de-la-subsecretaria-de-las-ffaa\\\/#breadcrumb\"},\"inLanguage\":\"pt-BR\",\"potentialAction\":[{\"@type\":\"ReadAction\",\"target\":[\"https:\\\/\\\/www.jlthinktank.com\\\/lo-que-el-partido-comunista-se-llevo-de-la-subsecretaria-de-las-ffaa\\\/\"]}]},{\"@type\":\"ImageObject\",\"inLanguage\":\"pt-BR\",\"@id\":\"https:\\\/\\\/www.jlthinktank.com\\\/lo-que-el-partido-comunista-se-llevo-de-la-subsecretaria-de-las-ffaa\\\/#primaryimage\",\"url\":\"https:\\\/\\\/www.jlthinktank.com\\\/wp-content\\\/uploads\\\/2026\\\/03\\\/galo.jpg\",\"contentUrl\":\"https:\\\/\\\/www.jlthinktank.com\\\/wp-content\\\/uploads\\\/2026\\\/03\\\/galo.jpg\",\"width\":710,\"height\":399},{\"@type\":\"BreadcrumbList\",\"@id\":\"https:\\\/\\\/www.jlthinktank.com\\\/lo-que-el-partido-comunista-se-llevo-de-la-subsecretaria-de-las-ffaa\\\/#breadcrumb\",\"itemListElement\":[{\"@type\":\"ListItem\",\"position\":1,\"name\":\"Portada\",\"item\":\"https:\\\/\\\/www.jlthinktank.com\\\/\"},{\"@type\":\"ListItem\",\"position\":2,\"name\":\"Lo que el Partido Comunista se llev\u00f3 de la Subsecretar\u00eda de las FFAA\"}]},{\"@type\":\"WebSite\",\"@id\":\"https:\\\/\\\/www.jlthinktank.com\\\/#website\",\"url\":\"https:\\\/\\\/www.jlthinktank.com\\\/\",\"name\":\"JL Think Tank\",\"description\":\"Centro de pensamiento\",\"potentialAction\":[{\"@type\":\"SearchAction\",\"target\":{\"@type\":\"EntryPoint\",\"urlTemplate\":\"https:\\\/\\\/www.jlthinktank.com\\\/?s={search_term_string}\"},\"query-input\":{\"@type\":\"PropertyValueSpecification\",\"valueRequired\":true,\"valueName\":\"search_term_string\"}}],\"inLanguage\":\"pt-BR\"},{\"@type\":\"Person\",\"@id\":\"https:\\\/\\\/www.jlthinktank.com\\\/#\\\/schema\\\/person\\\/15c2355c977c9ee03ef11d1cbe12678c\",\"name\":\"Jorge Lazo\",\"image\":{\"@type\":\"ImageObject\",\"inLanguage\":\"pt-BR\",\"@id\":\"https:\\\/\\\/secure.gravatar.com\\\/avatar\\\/97fb9d1a369d4f3f13738211ffa96a5241604b3b8b7cce81e11c3cb001ad6059?s=96&d=mm&r=g\",\"url\":\"https:\\\/\\\/secure.gravatar.com\\\/avatar\\\/97fb9d1a369d4f3f13738211ffa96a5241604b3b8b7cce81e11c3cb001ad6059?s=96&d=mm&r=g\",\"contentUrl\":\"https:\\\/\\\/secure.gravatar.com\\\/avatar\\\/97fb9d1a369d4f3f13738211ffa96a5241604b3b8b7cce81e11c3cb001ad6059?s=96&d=mm&r=g\",\"caption\":\"Jorge Lazo\"},\"sameAs\":[\"http:\\\/\\\/www.jlthinktank.com\"],\"url\":\"https:\\\/\\\/www.jlthinktank.com\\\/pt\\\/author\\\/jorge\\\/\"}]}<\/script>\n<!-- \/ Yoast SEO plugin. -->","yoast_head_json":{"title":"Lo que el Partido Comunista se llev\u00f3 de la Subsecretar\u00eda de las FFAA","description":"Esta columna tiene m\u00e1s preguntas que respuestas, m\u00e1s dudas que certezas, en momentos en que pareciera que habr\u00e1 m\u00e1s acciones concretas como auditor\u00edas a la gesti\u00f3n anterior del gobierno socio comunista de Gabriel Boric que afortunadamente concluyeron. \u00bfPodemos cantar victoria? Ni de cerca...","robots":{"index":"index","follow":"follow","max-snippet":"max-snippet:-1","max-image-preview":"max-image-preview:large","max-video-preview":"max-video-preview:-1"},"canonical":"https:\/\/www.jlthinktank.com\/pt\/lo-que-el-partido-comunista-se-llevo-de-la-subsecretaria-de-las-ffaa\/","og_locale":"pt_BR","og_type":"article","og_title":"Lo que el Partido Comunista se llev\u00f3 de la Subsecretar\u00eda de las FFAA","og_description":"Esta columna tiene m\u00e1s preguntas que respuestas, m\u00e1s dudas que certezas, en momentos en que pareciera que habr\u00e1 m\u00e1s acciones concretas como auditor\u00edas a la gesti\u00f3n anterior del gobierno socio comunista de Gabriel Boric que afortunadamente concluyeron. \u00bfPodemos cantar victoria? Ni de cerca...","og_url":"https:\/\/www.jlthinktank.com\/pt\/lo-que-el-partido-comunista-se-llevo-de-la-subsecretaria-de-las-ffaa\/","og_site_name":"JL Think Tank","article_published_time":"2026-03-14T13:33:24+00:00","article_modified_time":"2026-03-17T15:19:50+00:00","og_image":[{"width":710,"height":399,"url":"https:\/\/www.jlthinktank.com\/wp-content\/uploads\/2026\/03\/galo.jpg","type":"image\/jpeg"}],"author":"Jorge Lazo","twitter_card":"summary_large_image","twitter_misc":{"Escrito por":"Jorge Lazo","Est. tempo de leitura":"5 minutos"},"schema":{"@context":"https:\/\/schema.org","@graph":[{"@type":"Article","@id":"https:\/\/www.jlthinktank.com\/lo-que-el-partido-comunista-se-llevo-de-la-subsecretaria-de-las-ffaa\/#article","isPartOf":{"@id":"https:\/\/www.jlthinktank.com\/lo-que-el-partido-comunista-se-llevo-de-la-subsecretaria-de-las-ffaa\/"},"author":{"name":"Jorge Lazo","@id":"https:\/\/www.jlthinktank.com\/#\/schema\/person\/15c2355c977c9ee03ef11d1cbe12678c"},"headline":"Lo que el Partido Comunista se llev\u00f3 de la Subsecretar\u00eda de las FFAA","datePublished":"2026-03-14T13:33:24+00:00","dateModified":"2026-03-17T15:19:50+00:00","mainEntityOfPage":{"@id":"https:\/\/www.jlthinktank.com\/lo-que-el-partido-comunista-se-llevo-de-la-subsecretaria-de-las-ffaa\/"},"wordCount":1043,"image":{"@id":"https:\/\/www.jlthinktank.com\/lo-que-el-partido-comunista-se-llevo-de-la-subsecretaria-de-las-ffaa\/#primaryimage"},"thumbnailUrl":"https:\/\/www.jlthinktank.com\/wp-content\/uploads\/2026\/03\/galo.jpg","keywords":["Chile","Geopol\u00edtica","IA","inteligencia","Seguridad","Soberania","Tecnolog\u00eda"],"articleSection":["Comunismo","Cultura","Defensa Nacional","Educaci\u00f3n","Geopol\u00edtica","IA &amp; Transformaci\u00f3n Tecnol\u00f3gica","Militar","Pol\u00edtica","Prospectiva","Protecci\u00f3n de Datos","Seguridad interior","Seguridad y Defensa Nacional"],"inLanguage":"pt-BR"},{"@type":"WebPage","@id":"https:\/\/www.jlthinktank.com\/lo-que-el-partido-comunista-se-llevo-de-la-subsecretaria-de-las-ffaa\/","url":"https:\/\/www.jlthinktank.com\/lo-que-el-partido-comunista-se-llevo-de-la-subsecretaria-de-las-ffaa\/","name":"Lo que el Partido Comunista se llev\u00f3 de la Subsecretar\u00eda de las FFAA","isPartOf":{"@id":"https:\/\/www.jlthinktank.com\/#website"},"primaryImageOfPage":{"@id":"https:\/\/www.jlthinktank.com\/lo-que-el-partido-comunista-se-llevo-de-la-subsecretaria-de-las-ffaa\/#primaryimage"},"image":{"@id":"https:\/\/www.jlthinktank.com\/lo-que-el-partido-comunista-se-llevo-de-la-subsecretaria-de-las-ffaa\/#primaryimage"},"thumbnailUrl":"https:\/\/www.jlthinktank.com\/wp-content\/uploads\/2026\/03\/galo.jpg","datePublished":"2026-03-14T13:33:24+00:00","dateModified":"2026-03-17T15:19:50+00:00","author":{"@id":"https:\/\/www.jlthinktank.com\/#\/schema\/person\/15c2355c977c9ee03ef11d1cbe12678c"},"description":"Esta columna tiene m\u00e1s preguntas que respuestas, m\u00e1s dudas que certezas, en momentos en que pareciera que habr\u00e1 m\u00e1s acciones concretas como auditor\u00edas a la gesti\u00f3n anterior del gobierno socio comunista de Gabriel Boric que afortunadamente concluyeron. \u00bfPodemos cantar victoria? Ni de cerca...","breadcrumb":{"@id":"https:\/\/www.jlthinktank.com\/lo-que-el-partido-comunista-se-llevo-de-la-subsecretaria-de-las-ffaa\/#breadcrumb"},"inLanguage":"pt-BR","potentialAction":[{"@type":"ReadAction","target":["https:\/\/www.jlthinktank.com\/lo-que-el-partido-comunista-se-llevo-de-la-subsecretaria-de-las-ffaa\/"]}]},{"@type":"ImageObject","inLanguage":"pt-BR","@id":"https:\/\/www.jlthinktank.com\/lo-que-el-partido-comunista-se-llevo-de-la-subsecretaria-de-las-ffaa\/#primaryimage","url":"https:\/\/www.jlthinktank.com\/wp-content\/uploads\/2026\/03\/galo.jpg","contentUrl":"https:\/\/www.jlthinktank.com\/wp-content\/uploads\/2026\/03\/galo.jpg","width":710,"height":399},{"@type":"BreadcrumbList","@id":"https:\/\/www.jlthinktank.com\/lo-que-el-partido-comunista-se-llevo-de-la-subsecretaria-de-las-ffaa\/#breadcrumb","itemListElement":[{"@type":"ListItem","position":1,"name":"Portada","item":"https:\/\/www.jlthinktank.com\/"},{"@type":"ListItem","position":2,"name":"Lo que el Partido Comunista se llev\u00f3 de la Subsecretar\u00eda de las FFAA"}]},{"@type":"WebSite","@id":"https:\/\/www.jlthinktank.com\/#website","url":"https:\/\/www.jlthinktank.com\/","name":"Grupo de reflex\u00e3o JL","description":"Centro de pensamiento","potentialAction":[{"@type":"SearchAction","target":{"@type":"EntryPoint","urlTemplate":"https:\/\/www.jlthinktank.com\/?s={search_term_string}"},"query-input":{"@type":"PropertyValueSpecification","valueRequired":true,"valueName":"search_term_string"}}],"inLanguage":"pt-BR"},{"@type":"Person","@id":"https:\/\/www.jlthinktank.com\/#\/schema\/person\/15c2355c977c9ee03ef11d1cbe12678c","name":"Jorge Lazo","image":{"@type":"ImageObject","inLanguage":"pt-BR","@id":"https:\/\/secure.gravatar.com\/avatar\/97fb9d1a369d4f3f13738211ffa96a5241604b3b8b7cce81e11c3cb001ad6059?s=96&d=mm&r=g","url":"https:\/\/secure.gravatar.com\/avatar\/97fb9d1a369d4f3f13738211ffa96a5241604b3b8b7cce81e11c3cb001ad6059?s=96&d=mm&r=g","contentUrl":"https:\/\/secure.gravatar.com\/avatar\/97fb9d1a369d4f3f13738211ffa96a5241604b3b8b7cce81e11c3cb001ad6059?s=96&d=mm&r=g","caption":"Jorge Lazo"},"sameAs":["http:\/\/www.jlthinktank.com"],"url":"https:\/\/www.jlthinktank.com\/pt\/author\/jorge\/"}]}},"_links":{"self":[{"href":"https:\/\/www.jlthinktank.com\/pt\/wp-json\/wp\/v2\/posts\/10963","targetHints":{"allow":["GET"]}}],"collection":[{"href":"https:\/\/www.jlthinktank.com\/pt\/wp-json\/wp\/v2\/posts"}],"about":[{"href":"https:\/\/www.jlthinktank.com\/pt\/wp-json\/wp\/v2\/types\/post"}],"author":[{"embeddable":true,"href":"https:\/\/www.jlthinktank.com\/pt\/wp-json\/wp\/v2\/users\/1"}],"replies":[{"embeddable":true,"href":"https:\/\/www.jlthinktank.com\/pt\/wp-json\/wp\/v2\/comments?post=10963"}],"version-history":[{"count":7,"href":"https:\/\/www.jlthinktank.com\/pt\/wp-json\/wp\/v2\/posts\/10963\/revisions"}],"predecessor-version":[{"id":10984,"href":"https:\/\/www.jlthinktank.com\/pt\/wp-json\/wp\/v2\/posts\/10963\/revisions\/10984"}],"wp:featuredmedia":[{"embeddable":true,"href":"https:\/\/www.jlthinktank.com\/pt\/wp-json\/wp\/v2\/media\/10965"}],"wp:attachment":[{"href":"https:\/\/www.jlthinktank.com\/pt\/wp-json\/wp\/v2\/media?parent=10963"}],"wp:term":[{"taxonomy":"category","embeddable":true,"href":"https:\/\/www.jlthinktank.com\/pt\/wp-json\/wp\/v2\/categories?post=10963"},{"taxonomy":"post_tag","embeddable":true,"href":"https:\/\/www.jlthinktank.com\/pt\/wp-json\/wp\/v2\/tags?post=10963"}],"curies":[{"name":"wp","href":"https:\/\/api.w.org\/{rel}","templated":true}]}}