{"id":10954,"date":"2026-03-11T10:52:55","date_gmt":"2026-03-11T13:52:55","guid":{"rendered":"https:\/\/www.jlthinktank.com\/?p=10954"},"modified":"2026-03-11T10:56:27","modified_gmt":"2026-03-11T13:56:27","slug":"cambio-de-mando-y-espiritu","status":"publish","type":"post","link":"https:\/\/www.jlthinktank.com\/en\/cambio-de-mando-y-espiritu\/","title":{"rendered":"Cambio de mando y esp\u00edritu"},"content":{"rendered":"<div data-elementor-type=\"wp-post\" data-elementor-id=\"10954\" class=\"elementor elementor-10954\">\n\t\t\t\t\t\t<section class=\"elementor-section elementor-top-section elementor-element elementor-element-194afd73 elementor-section-boxed elementor-section-height-default elementor-section-height-default\" data-id=\"194afd73\" data-element_type=\"section\" data-e-type=\"section\">\n\t\t\t\t\t\t<div class=\"elementor-container elementor-column-gap-default\">\n\t\t\t\t\t<div class=\"elementor-column elementor-col-100 elementor-top-column elementor-element elementor-element-2c3defb7\" data-id=\"2c3defb7\" data-element_type=\"column\" data-e-type=\"column\">\n\t\t\t<div class=\"elementor-widget-wrap elementor-element-populated\">\n\t\t\t\t\t\t<div class=\"elementor-element elementor-element-4e79a84e elementor-drop-cap-yes elementor-drop-cap-view-default elementor-widget elementor-widget-text-editor\" data-id=\"4e79a84e\" data-element_type=\"widget\" data-e-type=\"widget\" data-settings=\"{&quot;drop_cap&quot;:&quot;yes&quot;}\" data-widget_type=\"text-editor.default\">\n\t\t\t\t<div class=\"elementor-widget-container\">\n\t\t\t\t\t\t\t\t\t<p><span style=\"font-weight: 400;\">Hoy, 11 de marzo de 2026, nuestro orgulloso pa\u00eds Chile celebra el cambio de mando presidencial con un esp\u00edritu renovado de esperanza colectiva. En un acto republicano cargado de simbolismo patri\u00f3tico y unidad nacional, el Presidente en ejercicio, Gabriel Boric entrega la conducci\u00f3n de la naci\u00f3n en muy malas condiciones, con las peores cifras en a\u00f1os, usted tome la materia que quiera y ver\u00e1 que esto es cierto; quien recibe, Jos\u00e9 Antonio Kast lo hace portando una profunda esperanza del pueblo que demanda con urgencia un giro decisivo hacia la protecci\u00f3n efectiva de sus ciudadanos, las oportunidades equitativas para todos y el desarrollo integral de cada persona en plenitud. Inspirados en los valores profundos de nuestra identidad hist\u00f3rica y cultural, <\/span><b>el gobierno entrante tiene la misi\u00f3n sagrada de guiar a Chile<\/b><span style=\"font-weight: 400;\"> por caminos de unidad verdadera, grandeza compartida y prosperidad sostenible que beneficie a cada familia y comunidad.<\/span><\/p><p><span style=\"font-weight: 400;\">Vivimos en un mundo convulsionado por fuerzas impredecibles y actores que amenazan con escalar a\u00fan m\u00e1s la situaci\u00f3n. La guerra entre Ir\u00e1n y la dupla USA\/Israel define una nueva realidad geopol\u00edtica llena de incertidumbres econ\u00f3micas y estrat\u00e9gicas que afectan directamente nuestras vidas cotidianas, aunque creamos que no nos afectan por estar lejos. Chile debe responder con soberan\u00eda absoluta y visi\u00f3n clara, fortaleciendo sus defensas nacionales, cultivando alianzas s\u00f3lidas con democracias afines que respetan la libertad y <\/span><span style=\"font-weight: 400;\">evitando enredos innecesarios<\/span><span style=\"font-weight: 400;\"> que comprometan nuestra paz interna. Paralelamente, China se consolida como potencia econ\u00f3mica indiscutible y socio comercial importante para nuestro crecimiento. Las relaciones con Pek\u00edn deben ser siempre pragm\u00e1ticas, enfocadas estrictamente en un comercio mutuamente beneficioso, inversi\u00f3n estrat\u00e9gica y exportaciones de calidad superior. Ante el mundo debemos tener una acci\u00f3n clara, <\/span><b>sin concesiones ideol\u00f3gicas comunistas matizadas<\/b><span style=\"font-weight: 400;\">. Chile tendr\u00e1 que mantener su compromiso inquebrantable con la libertad individual, los derechos fundamentales, los valores occidentales y la democracia representativa sin ambig\u00fcedades ni ret\u00f3ricas convenientes para estar bien con Dios y con el diablo.<\/span><\/p><p><span style=\"font-weight: 400;\">En este escenario internacional complejo y desafiante, el verdadero motor de nuestro progreso radica en el desarrollo pleno y arm\u00f3nico del capital humano de nuestra gente. Cada chileno y cada chilena posee talentos \u00fanicos y potencial divino que deben ser cultivados con dedicaci\u00f3n total a trav\u00e9s de una educaci\u00f3n de excelencia integral, formaci\u00f3n continua permanente e innovaci\u00f3n audaz en todos los sectores. Invertir en nuestra gente no es un gasto ni menos solo responsabilidad del mercado, es la apuesta m\u00e1s inteligente por un futuro donde la creatividad, el conocimiento y el esfuerzo personal impulsen un crecimiento sostenible que eleve a toda la naci\u00f3n. Este enfoque en el ser humano como centro asegura que nadie quede rezagado en el camino hacia la modernidad.<\/span><\/p><p><span style=\"font-weight: 400;\">Esta visi\u00f3n transformadora se ancla firmemente en nuestra <\/span><b>herencia cristiana milenaria<\/b><span style=\"font-weight: 400;\">, que constituye la base moral inquebrantable de la naci\u00f3n desde sus or\u00edgenes. Los principios eternos de dignidad humana absoluta, justicia social verdadera y caridad fraterna, inspirados directamente en el evangelio y la tradici\u00f3n cat\u00f3lica, deben orientar con sabidur\u00eda todas las decisiones pol\u00edticas del nuevo gobierno. En una \u00e9poca de cambios vertiginosos y relativismo moral, la fe ofrece estabilidad, prop\u00f3sito profundo y gu\u00eda \u00e9tica para superar cualquier adversidad, reafirmando que sin esta ra\u00edz espiritual Chile perder\u00eda su esencia misma.<\/span><\/p><p><span style=\"font-weight: 400;\">Central en esta base cristiana inmutable est\u00e1 <\/span><b>la familia como pilar fundamental e irremplazable de la sociedad entera<\/b><span style=\"font-weight: 400;\">. Proteger y fortalecer la familia \u2013esa unidad natural sagrada de padre, madre e hijos unidos en amor responsable\u2013 es esencial y prioritario para el futuro. Pol\u00edticas concretas que promuevan la vida desde la concepci\u00f3n, el apoyo integral a la parentalidad, la educaci\u00f3n en valores morales s\u00f3lidos y la estabilidad econ\u00f3mica familiar construir\u00e1n comunidades s\u00f3lidas, resilientes y una sociedad cohesionada que resista cualquier tormenta global. Solo con familias fuertes Chile podr\u00e1 sortear los desafiantes momentos que vivimos.<\/span><\/p><p><span style=\"font-weight: 400;\">Los chilenos, en su inmensa mayor\u00eda, exigen con voz clara y firme un cambio concreto e inmediato: <\/span><b>mayor protecci\u00f3n efectiva para sus ciudadanos<\/b><span style=\"font-weight: 400;\"> en todos los \u00e1mbitos de la vida diaria. Esto implica seguridad real en las calles y campos, orden p\u00fablico restaurado, fronteras controladas con inteligencia y justicia eficaz contra el delito. Pero tambi\u00e9n significa m\u00e1s oportunidades reales y accesibles: acceso pleno a empleo digno y estable, emprendimiento facilitado sin trabas burocr\u00e1ticas y movilidad social aut\u00e9ntica. Un pa\u00eds donde el esfuerzo cotidiano sea justamente recompensado y donde el talento de cada uno florezca sin impedimentos, evitando la destructiva inclinaci\u00f3n de \u201capitutarse\u201d que tanto da\u00f1o le hace a la meritocracia.<\/span><\/p><p><span style=\"font-weight: 400;\">Para concretar estas aspiraciones nobles y urgentes, urge establecer <\/span><b>una alianza estrat\u00e9gica, permanente y fruct\u00edfera entre el Estado y el sector privado<\/b><span style=\"font-weight: 400;\">. Rechazamos tanto el <\/span><i><span style=\"font-weight: 400;\">Estado m\u00ednimo<\/span><\/i><span style=\"font-weight: 400;\"> que abandona sus responsabilidades esenciales, as\u00ed como tambi\u00e9n advertimos del defecto de ser excesivamente intervencionista, tanto que ahoga la iniciativa individual. Un Estado fuerte, regulador equitativo, impulsor clave de infraestructura vital, garante de derechos sociales b\u00e1sicos y socio activo en el desarrollo nacional. A trav\u00e9s de colaboraciones p\u00fablico-privadas inteligentes en miner\u00eda sostenible, tecnolog\u00eda avanzada y energ\u00edas renovables, podamos generar riqueza compartida de manera justa. Todos \u2013empresarios visionarios, trabajadores comprometidos, Estado facilitador y ciudadanos vigilantes\u2013 participen activamente de los frutos de esta uni\u00f3n virtuosa, en un pacto nacional por el progreso solidario que eleve a cada chileno.<\/span><\/p><p><span style=\"font-weight: 400;\">Chile cuenta con recursos naturales abundantes, una posici\u00f3n geogr\u00e1fica privilegiada estrat\u00e9gica y, sobre todo, un pueblo resiliente, trabajador y lleno de fe inquebrantable. El liderazgo inspirador del nuevo gobierno debe orquestar estos activos valiosos con visi\u00f3n de largo plazo, planificaci\u00f3n inteligente y ejecuci\u00f3n decidida para el bien de todos.<\/span><\/p><p><span style=\"font-weight: 400;\">En este d\u00eda hist\u00f3rico donde renovamos nuestro compromiso a la naci\u00f3n, llamamos a la unidad fraterna entre quienes queremos lo mejor para Chile y pudiendo aislar a quienes buscan socavar su fuerza y poder. Construir juntos con optimismo pero realismo tambi\u00e9n un Chile m\u00e1s seguro, m\u00e1s pr\u00f3spero y fiel a sus ra\u00edces eternas. Un Chile donde la fe ilumine el camino diario, la familia sea el refugio inigualable y cada persona tenga la oportunidad real de realizarse plenamente en dignidad y libertad.<\/span><\/p><p><span style=\"font-weight: 400;\">Presidente Kast, nos cuadramos detr\u00e1s suyo mientras mantenga como norte la defensa de los principios fundantes de nuestra patria y lo mejor para ella, con la ayuda providencial de Dios, la sabidur\u00eda de nuestros antepasados y el compromiso colectivo incansable de todo el pueblo. Solo as\u00ed, Chile avanzar\u00e1 con paso firme hacia un futuro de esperanza realizable y realizaci\u00f3n nacional plena. \u00a1Que Dios bendiga a nuestro pa\u00eds y lo gu\u00ede siempre!<\/span><\/p>\t\t\t\t\t\t\t\t<\/div>\n\t\t\t\t<\/div>\n\t\t\t\t\t<\/div>\n\t\t<\/div>\n\t\t\t\t\t<\/div>\n\t\t<\/section>\n\t\t\t\t<\/div>","protected":false},"excerpt":{"rendered":"<p>Hoy, 11 de marzo de 2026, nuestro orgulloso pa\u00eds Chile celebra el cambio de mando presidencial con un esp\u00edritu renovado de esperanza colectiva. En un acto republicano cargado de simbolismo patri\u00f3tico y unidad nacional, el Presidente en ejercicio, Gabriel Boric entrega la conducci\u00f3n de la naci\u00f3n en muy malas condiciones, con las peores cifras en [&hellip;]<\/p>\n","protected":false},"author":1,"featured_media":10956,"comment_status":"closed","ping_status":"closed","sticky":false,"template":"","format":"standard","meta":{"footnotes":""},"categories":[250,142,125,207,223,146,169,252],"tags":[188,128,205,253,249,247,234],"class_list":["post-10954","post","type-post","status-publish","format-standard","has-post-thumbnail","hentry","category-cultura-y-familia","category-defensa-nacional","category-geopolitica","category-ia-transformacion-tecnologica","category-politica","category-prospectiva","category-seguridad-interior","category-seguridad-y-defensa-nacional","tag-chile","tag-geopolitica","tag-ia","tag-inteligencia","tag-seguridad","tag-soberania","tag-tecnologia"],"yoast_head":"<!-- This site is optimized with the Yoast SEO plugin v27.4 - https:\/\/yoast.com\/product\/yoast-seo-wordpress\/ -->\n<title>Cambio de mando y esp\u00edritu<\/title>\n<meta name=\"description\" content=\"Inspirados en los valores profundos de nuestra identidad hist\u00f3rica y cultural, el gobierno entrante tiene la misi\u00f3n sagrada de guiar a Chile por caminos de unidad verdadera, grandeza compartida y prosperidad sostenible que beneficie a cada familia\" \/>\n<meta name=\"robots\" content=\"index, follow, max-snippet:-1, max-image-preview:large, max-video-preview:-1\" \/>\n<link rel=\"canonical\" href=\"https:\/\/www.jlthinktank.com\/en\/cambio-de-mando-y-espiritu\/\" \/>\n<meta property=\"og:locale\" content=\"en_US\" \/>\n<meta property=\"og:type\" content=\"article\" \/>\n<meta property=\"og:title\" content=\"Cambio de mando y esp\u00edritu\" \/>\n<meta property=\"og:description\" content=\"Inspirados en los valores profundos de nuestra identidad hist\u00f3rica y cultural, el gobierno entrante tiene la misi\u00f3n sagrada de guiar a Chile por caminos de unidad verdadera, grandeza compartida y prosperidad sostenible que beneficie a cada familia\" \/>\n<meta property=\"og:url\" content=\"https:\/\/www.jlthinktank.com\/en\/cambio-de-mando-y-espiritu\/\" \/>\n<meta property=\"og:site_name\" content=\"JL Think Tank\" \/>\n<meta property=\"article:published_time\" content=\"2026-03-11T13:52:55+00:00\" \/>\n<meta property=\"article:modified_time\" content=\"2026-03-11T13:56:27+00:00\" \/>\n<meta property=\"og:image\" content=\"https:\/\/www.jlthinktank.com\/wp-content\/uploads\/2026\/03\/v6aXV.jpg\" \/>\n\t<meta property=\"og:image:width\" content=\"1168\" \/>\n\t<meta property=\"og:image:height\" content=\"784\" \/>\n\t<meta property=\"og:image:type\" content=\"image\/jpeg\" \/>\n<meta name=\"author\" content=\"Jorge Lazo\" \/>\n<meta name=\"twitter:card\" content=\"summary_large_image\" \/>\n<meta name=\"twitter:label1\" content=\"Written by\" \/>\n\t<meta name=\"twitter:data1\" content=\"Jorge Lazo\" \/>\n\t<meta name=\"twitter:label2\" content=\"Est. reading time\" \/>\n\t<meta name=\"twitter:data2\" content=\"6 minutes\" \/>\n<script type=\"application\/ld+json\" class=\"yoast-schema-graph\">{\"@context\":\"https:\\\/\\\/schema.org\",\"@graph\":[{\"@type\":\"Article\",\"@id\":\"https:\\\/\\\/www.jlthinktank.com\\\/cambio-de-mando-y-espiritu\\\/#article\",\"isPartOf\":{\"@id\":\"https:\\\/\\\/www.jlthinktank.com\\\/cambio-de-mando-y-espiritu\\\/\"},\"author\":{\"name\":\"Jorge Lazo\",\"@id\":\"https:\\\/\\\/www.jlthinktank.com\\\/#\\\/schema\\\/person\\\/15c2355c977c9ee03ef11d1cbe12678c\"},\"headline\":\"Cambio de mando y esp\u00edritu\",\"datePublished\":\"2026-03-11T13:52:55+00:00\",\"dateModified\":\"2026-03-11T13:56:27+00:00\",\"mainEntityOfPage\":{\"@id\":\"https:\\\/\\\/www.jlthinktank.com\\\/cambio-de-mando-y-espiritu\\\/\"},\"wordCount\":1156,\"image\":{\"@id\":\"https:\\\/\\\/www.jlthinktank.com\\\/cambio-de-mando-y-espiritu\\\/#primaryimage\"},\"thumbnailUrl\":\"https:\\\/\\\/www.jlthinktank.com\\\/wp-content\\\/uploads\\\/2026\\\/03\\\/v6aXV.jpg\",\"keywords\":[\"Chile\",\"Geopol\u00edtica\",\"IA\",\"inteligencia\",\"Seguridad\",\"Soberania\",\"Tecnolog\u00eda\"],\"articleSection\":[\"Cultura y Familia\",\"Defensa Nacional\",\"Geopol\u00edtica\",\"IA &amp; Transformaci\u00f3n Tecnol\u00f3gica\",\"Pol\u00edtica\",\"Prospectiva\",\"Seguridad interior\",\"Seguridad y Defensa Nacional\"],\"inLanguage\":\"en-US\"},{\"@type\":\"WebPage\",\"@id\":\"https:\\\/\\\/www.jlthinktank.com\\\/cambio-de-mando-y-espiritu\\\/\",\"url\":\"https:\\\/\\\/www.jlthinktank.com\\\/cambio-de-mando-y-espiritu\\\/\",\"name\":\"Cambio de mando y esp\u00edritu\",\"isPartOf\":{\"@id\":\"https:\\\/\\\/www.jlthinktank.com\\\/#website\"},\"primaryImageOfPage\":{\"@id\":\"https:\\\/\\\/www.jlthinktank.com\\\/cambio-de-mando-y-espiritu\\\/#primaryimage\"},\"image\":{\"@id\":\"https:\\\/\\\/www.jlthinktank.com\\\/cambio-de-mando-y-espiritu\\\/#primaryimage\"},\"thumbnailUrl\":\"https:\\\/\\\/www.jlthinktank.com\\\/wp-content\\\/uploads\\\/2026\\\/03\\\/v6aXV.jpg\",\"datePublished\":\"2026-03-11T13:52:55+00:00\",\"dateModified\":\"2026-03-11T13:56:27+00:00\",\"author\":{\"@id\":\"https:\\\/\\\/www.jlthinktank.com\\\/#\\\/schema\\\/person\\\/15c2355c977c9ee03ef11d1cbe12678c\"},\"description\":\"Inspirados en los valores profundos de nuestra identidad hist\u00f3rica y cultural, el gobierno entrante tiene la misi\u00f3n sagrada de guiar a Chile por caminos de unidad verdadera, grandeza compartida y prosperidad sostenible que beneficie a cada familia\",\"breadcrumb\":{\"@id\":\"https:\\\/\\\/www.jlthinktank.com\\\/cambio-de-mando-y-espiritu\\\/#breadcrumb\"},\"inLanguage\":\"en-US\",\"potentialAction\":[{\"@type\":\"ReadAction\",\"target\":[\"https:\\\/\\\/www.jlthinktank.com\\\/cambio-de-mando-y-espiritu\\\/\"]}]},{\"@type\":\"ImageObject\",\"inLanguage\":\"en-US\",\"@id\":\"https:\\\/\\\/www.jlthinktank.com\\\/cambio-de-mando-y-espiritu\\\/#primaryimage\",\"url\":\"https:\\\/\\\/www.jlthinktank.com\\\/wp-content\\\/uploads\\\/2026\\\/03\\\/v6aXV.jpg\",\"contentUrl\":\"https:\\\/\\\/www.jlthinktank.com\\\/wp-content\\\/uploads\\\/2026\\\/03\\\/v6aXV.jpg\",\"width\":1168,\"height\":784},{\"@type\":\"BreadcrumbList\",\"@id\":\"https:\\\/\\\/www.jlthinktank.com\\\/cambio-de-mando-y-espiritu\\\/#breadcrumb\",\"itemListElement\":[{\"@type\":\"ListItem\",\"position\":1,\"name\":\"Portada\",\"item\":\"https:\\\/\\\/www.jlthinktank.com\\\/\"},{\"@type\":\"ListItem\",\"position\":2,\"name\":\"Cambio de mando y esp\u00edritu\"}]},{\"@type\":\"WebSite\",\"@id\":\"https:\\\/\\\/www.jlthinktank.com\\\/#website\",\"url\":\"https:\\\/\\\/www.jlthinktank.com\\\/\",\"name\":\"JL Think Tank\",\"description\":\"Centro de pensamiento\",\"potentialAction\":[{\"@type\":\"SearchAction\",\"target\":{\"@type\":\"EntryPoint\",\"urlTemplate\":\"https:\\\/\\\/www.jlthinktank.com\\\/?s={search_term_string}\"},\"query-input\":{\"@type\":\"PropertyValueSpecification\",\"valueRequired\":true,\"valueName\":\"search_term_string\"}}],\"inLanguage\":\"en-US\"},{\"@type\":\"Person\",\"@id\":\"https:\\\/\\\/www.jlthinktank.com\\\/#\\\/schema\\\/person\\\/15c2355c977c9ee03ef11d1cbe12678c\",\"name\":\"Jorge Lazo\",\"image\":{\"@type\":\"ImageObject\",\"inLanguage\":\"en-US\",\"@id\":\"https:\\\/\\\/secure.gravatar.com\\\/avatar\\\/97fb9d1a369d4f3f13738211ffa96a5241604b3b8b7cce81e11c3cb001ad6059?s=96&d=mm&r=g\",\"url\":\"https:\\\/\\\/secure.gravatar.com\\\/avatar\\\/97fb9d1a369d4f3f13738211ffa96a5241604b3b8b7cce81e11c3cb001ad6059?s=96&d=mm&r=g\",\"contentUrl\":\"https:\\\/\\\/secure.gravatar.com\\\/avatar\\\/97fb9d1a369d4f3f13738211ffa96a5241604b3b8b7cce81e11c3cb001ad6059?s=96&d=mm&r=g\",\"caption\":\"Jorge Lazo\"},\"sameAs\":[\"http:\\\/\\\/www.jlthinktank.com\"],\"url\":\"https:\\\/\\\/www.jlthinktank.com\\\/en\\\/author\\\/jorge\\\/\"}]}<\/script>\n<!-- \/ Yoast SEO plugin. -->","yoast_head_json":{"title":"Cambio de mando y esp\u00edritu","description":"Inspirados en los valores profundos de nuestra identidad hist\u00f3rica y cultural, el gobierno entrante tiene la misi\u00f3n sagrada de guiar a Chile por caminos de unidad verdadera, grandeza compartida y prosperidad sostenible que beneficie a cada familia","robots":{"index":"index","follow":"follow","max-snippet":"max-snippet:-1","max-image-preview":"max-image-preview:large","max-video-preview":"max-video-preview:-1"},"canonical":"https:\/\/www.jlthinktank.com\/en\/cambio-de-mando-y-espiritu\/","og_locale":"en_US","og_type":"article","og_title":"Cambio de mando y esp\u00edritu","og_description":"Inspirados en los valores profundos de nuestra identidad hist\u00f3rica y cultural, el gobierno entrante tiene la misi\u00f3n sagrada de guiar a Chile por caminos de unidad verdadera, grandeza compartida y prosperidad sostenible que beneficie a cada familia","og_url":"https:\/\/www.jlthinktank.com\/en\/cambio-de-mando-y-espiritu\/","og_site_name":"JL Think Tank","article_published_time":"2026-03-11T13:52:55+00:00","article_modified_time":"2026-03-11T13:56:27+00:00","og_image":[{"width":1168,"height":784,"url":"https:\/\/www.jlthinktank.com\/wp-content\/uploads\/2026\/03\/v6aXV.jpg","type":"image\/jpeg"}],"author":"Jorge Lazo","twitter_card":"summary_large_image","twitter_misc":{"Written by":"Jorge Lazo","Est. reading time":"6 minutes"},"schema":{"@context":"https:\/\/schema.org","@graph":[{"@type":"Article","@id":"https:\/\/www.jlthinktank.com\/cambio-de-mando-y-espiritu\/#article","isPartOf":{"@id":"https:\/\/www.jlthinktank.com\/cambio-de-mando-y-espiritu\/"},"author":{"name":"Jorge Lazo","@id":"https:\/\/www.jlthinktank.com\/#\/schema\/person\/15c2355c977c9ee03ef11d1cbe12678c"},"headline":"Cambio de mando y esp\u00edritu","datePublished":"2026-03-11T13:52:55+00:00","dateModified":"2026-03-11T13:56:27+00:00","mainEntityOfPage":{"@id":"https:\/\/www.jlthinktank.com\/cambio-de-mando-y-espiritu\/"},"wordCount":1156,"image":{"@id":"https:\/\/www.jlthinktank.com\/cambio-de-mando-y-espiritu\/#primaryimage"},"thumbnailUrl":"https:\/\/www.jlthinktank.com\/wp-content\/uploads\/2026\/03\/v6aXV.jpg","keywords":["Chile","Geopol\u00edtica","IA","inteligencia","Seguridad","Soberania","Tecnolog\u00eda"],"articleSection":["Cultura y Familia","Defensa Nacional","Geopol\u00edtica","IA &amp; Transformaci\u00f3n Tecnol\u00f3gica","Pol\u00edtica","Prospectiva","Seguridad interior","Seguridad y Defensa Nacional"],"inLanguage":"en-US"},{"@type":"WebPage","@id":"https:\/\/www.jlthinktank.com\/cambio-de-mando-y-espiritu\/","url":"https:\/\/www.jlthinktank.com\/cambio-de-mando-y-espiritu\/","name":"Cambio de mando y esp\u00edritu","isPartOf":{"@id":"https:\/\/www.jlthinktank.com\/#website"},"primaryImageOfPage":{"@id":"https:\/\/www.jlthinktank.com\/cambio-de-mando-y-espiritu\/#primaryimage"},"image":{"@id":"https:\/\/www.jlthinktank.com\/cambio-de-mando-y-espiritu\/#primaryimage"},"thumbnailUrl":"https:\/\/www.jlthinktank.com\/wp-content\/uploads\/2026\/03\/v6aXV.jpg","datePublished":"2026-03-11T13:52:55+00:00","dateModified":"2026-03-11T13:56:27+00:00","author":{"@id":"https:\/\/www.jlthinktank.com\/#\/schema\/person\/15c2355c977c9ee03ef11d1cbe12678c"},"description":"Inspirados en los valores profundos de nuestra identidad hist\u00f3rica y cultural, el gobierno entrante tiene la misi\u00f3n sagrada de guiar a Chile por caminos de unidad verdadera, grandeza compartida y prosperidad sostenible que beneficie a cada familia","breadcrumb":{"@id":"https:\/\/www.jlthinktank.com\/cambio-de-mando-y-espiritu\/#breadcrumb"},"inLanguage":"en-US","potentialAction":[{"@type":"ReadAction","target":["https:\/\/www.jlthinktank.com\/cambio-de-mando-y-espiritu\/"]}]},{"@type":"ImageObject","inLanguage":"en-US","@id":"https:\/\/www.jlthinktank.com\/cambio-de-mando-y-espiritu\/#primaryimage","url":"https:\/\/www.jlthinktank.com\/wp-content\/uploads\/2026\/03\/v6aXV.jpg","contentUrl":"https:\/\/www.jlthinktank.com\/wp-content\/uploads\/2026\/03\/v6aXV.jpg","width":1168,"height":784},{"@type":"BreadcrumbList","@id":"https:\/\/www.jlthinktank.com\/cambio-de-mando-y-espiritu\/#breadcrumb","itemListElement":[{"@type":"ListItem","position":1,"name":"Portada","item":"https:\/\/www.jlthinktank.com\/"},{"@type":"ListItem","position":2,"name":"Cambio de mando y esp\u00edritu"}]},{"@type":"WebSite","@id":"https:\/\/www.jlthinktank.com\/#website","url":"https:\/\/www.jlthinktank.com\/","name":"JL Think Tank","description":"Centro de pensamiento","potentialAction":[{"@type":"SearchAction","target":{"@type":"EntryPoint","urlTemplate":"https:\/\/www.jlthinktank.com\/?s={search_term_string}"},"query-input":{"@type":"PropertyValueSpecification","valueRequired":true,"valueName":"search_term_string"}}],"inLanguage":"en-US"},{"@type":"Person","@id":"https:\/\/www.jlthinktank.com\/#\/schema\/person\/15c2355c977c9ee03ef11d1cbe12678c","name":"Jorge Lazo","image":{"@type":"ImageObject","inLanguage":"en-US","@id":"https:\/\/secure.gravatar.com\/avatar\/97fb9d1a369d4f3f13738211ffa96a5241604b3b8b7cce81e11c3cb001ad6059?s=96&d=mm&r=g","url":"https:\/\/secure.gravatar.com\/avatar\/97fb9d1a369d4f3f13738211ffa96a5241604b3b8b7cce81e11c3cb001ad6059?s=96&d=mm&r=g","contentUrl":"https:\/\/secure.gravatar.com\/avatar\/97fb9d1a369d4f3f13738211ffa96a5241604b3b8b7cce81e11c3cb001ad6059?s=96&d=mm&r=g","caption":"Jorge Lazo"},"sameAs":["http:\/\/www.jlthinktank.com"],"url":"https:\/\/www.jlthinktank.com\/en\/author\/jorge\/"}]}},"_links":{"self":[{"href":"https:\/\/www.jlthinktank.com\/en\/wp-json\/wp\/v2\/posts\/10954","targetHints":{"allow":["GET"]}}],"collection":[{"href":"https:\/\/www.jlthinktank.com\/en\/wp-json\/wp\/v2\/posts"}],"about":[{"href":"https:\/\/www.jlthinktank.com\/en\/wp-json\/wp\/v2\/types\/post"}],"author":[{"embeddable":true,"href":"https:\/\/www.jlthinktank.com\/en\/wp-json\/wp\/v2\/users\/1"}],"replies":[{"embeddable":true,"href":"https:\/\/www.jlthinktank.com\/en\/wp-json\/wp\/v2\/comments?post=10954"}],"version-history":[{"count":7,"href":"https:\/\/www.jlthinktank.com\/en\/wp-json\/wp\/v2\/posts\/10954\/revisions"}],"predecessor-version":[{"id":10962,"href":"https:\/\/www.jlthinktank.com\/en\/wp-json\/wp\/v2\/posts\/10954\/revisions\/10962"}],"wp:featuredmedia":[{"embeddable":true,"href":"https:\/\/www.jlthinktank.com\/en\/wp-json\/wp\/v2\/media\/10956"}],"wp:attachment":[{"href":"https:\/\/www.jlthinktank.com\/en\/wp-json\/wp\/v2\/media?parent=10954"}],"wp:term":[{"taxonomy":"category","embeddable":true,"href":"https:\/\/www.jlthinktank.com\/en\/wp-json\/wp\/v2\/categories?post=10954"},{"taxonomy":"post_tag","embeddable":true,"href":"https:\/\/www.jlthinktank.com\/en\/wp-json\/wp\/v2\/tags?post=10954"}],"curies":[{"name":"wp","href":"https:\/\/api.w.org\/{rel}","templated":true}]}}